{"id":190,"date":"2019-08-14T10:08:55","date_gmt":"2019-08-14T13:08:55","guid":{"rendered":"https:\/\/eurepika.com\/blog\/?p=190"},"modified":"2019-08-14T10:08:56","modified_gmt":"2019-08-14T13:08:56","slug":"la-macrisis-llego-a-mercadolibre-mercadopago-con-redimientos-negativos-para-sus-usuarios","status":"publish","type":"post","link":"https:\/\/eurepika.com\/blog\/la-macrisis-llego-a-mercadolibre-mercadopago-con-redimientos-negativos-para-sus-usuarios\/","title":{"rendered":"La #Macrisis lleg\u00f3 a #MercadoLibre. #MercadoPago con redimientos negativos para sus usuarios."},"content":{"rendered":"\n<p class=\"wp-block-paragraph\">&#8220;Tuviste rendimiento negativo por primera vez&#8221;, comunic\u00f3 la empresa de Marcos Galper\u00edn para dar cuenta de la situaci\u00f3n. El mensaje result\u00f3 chocante para los usuarios.\u00a0 <\/p>\n\n\n\n<p class=\"wp-block-paragraph\">Cerca de\u00a0<strong>medio mill\u00f3n de personas registraron ayer una ca\u00eddade sus saldos<\/strong>\u00a0en MercadoPago, la principal billetera virtual del pa\u00eds. La aplicaci\u00f3n de MercadoLibre \u2013la empresa m\u00e1s importante de Latinoam\u00e9rica, perteneciente a Marcos Galper\u00edn- le debit\u00f3 a los usuarios de la billetera las ca\u00eddas registradas en su fondo de inversi\u00f3n. <\/p>\n\n\n\n<figure class=\"wp-block-image\"><img loading=\"lazy\" decoding=\"async\" width=\"1024\" height=\"776\" src=\"https:\/\/eurepika.com\/blog\/wp-content\/uploads\/2019\/08\/mercadopagoperdidas-1024x776.jpg\" alt=\"\" class=\"wp-image-191\" srcset=\"https:\/\/eurepika.com\/blog\/wp-content\/uploads\/2019\/08\/mercadopagoperdidas-1024x776.jpg 1024w, https:\/\/eurepika.com\/blog\/wp-content\/uploads\/2019\/08\/mercadopagoperdidas-300x227.jpg 300w, https:\/\/eurepika.com\/blog\/wp-content\/uploads\/2019\/08\/mercadopagoperdidas-768x582.jpg 768w, https:\/\/eurepika.com\/blog\/wp-content\/uploads\/2019\/08\/mercadopagoperdidas.jpg 1080w\" sizes=\"auto, (max-width: 1024px) 100vw, 1024px\" \/><\/figure>\n\n\n\n<p class=\"wp-block-paragraph\">Aunque la empresa de Galper\u00edn hizo lo mismo que cualquier otro administrador de un fondo de inversi\u00f3n ante una p\u00e9rdida, para los usuarios con poca experiencia en el manejo de inversiones, el resultado es chocante. Al recibir el mensaje de MercadoPago lo&nbsp;<strong>sintieron como el equivalente a que un plazo&nbsp;fijo en vez de pagar a fin de mes un extra en la cuenta se debite parte de la plata<\/strong>.<\/p>\n\n\n\n<p class=\"wp-block-paragraph\">Es la primera vez que el fondo en lugar de generar un rendimiento positivo genera uno negativo.\u00a0<strong>Los individuos con 10.000 pesos<\/strong>\u00a0en el saldo disponible de la billetera registraron una p\u00e9rdida cercana a los 100 pesos. <\/p>\n\n\n\n<p class=\"wp-block-paragraph\">Los usuarios perdieron por todos los frentes. El saldo disponible en pesos se desvaloriz\u00f3 fuertemente por la devaluaci\u00f3n de casi 30 por ciento. Pero adem\u00e1s hubo una ca\u00edda en t\u00e9rminos nominales porque las inversiones dieron un resultado negativo. <\/p>\n","protected":false},"excerpt":{"rendered":"<p>&#8220;Tuviste rendimiento negativo por primera vez&#8221;, comunic\u00f3 la empresa de Marcos Galper\u00edn para dar cuenta de la situaci\u00f3n. El mensaje result\u00f3 chocante para los usuarios.  <\/p>\n","protected":false},"author":1,"featured_media":192,"comment_status":"open","ping_status":"open","sticky":false,"template":"","format":"standard","meta":{"footnotes":""},"categories":[3],"tags":[37,38,35,34,32,33,36],"class_list":["post-190","post","type-post","status-publish","format-standard","has-post-thumbnail","hentry","category-noticias","tag-billetera-virtual","tag-crisis","tag-galperin","tag-macrisis","tag-mercado-libre","tag-mercado-pago","tag-unicornio-digital"],"aioseo_notices":[],"aioseo_head":"\n\t\t<!-- All in One SEO 5.0.1.1 - aioseo.com -->\n\t<meta name=\"robots\" content=\"max-image-preview:large\" \/>\n\t<meta name=\"author\" content=\"Nico\"\/>\n\t<meta name=\"keywords\" content=\"billetera virtual,crisis.,galperin,macrisis,mercado libre,mercado pago,unicornio digital\" \/>\n\t<link rel=\"canonical\" href=\"https:\/\/eurepika.com\/blog\/la-macrisis-llego-a-mercadolibre-mercadopago-con-redimientos-negativos-para-sus-usuarios\/\" \/>\n\t<meta name=\"generator\" content=\"All in One SEO (AIOSEO) 5.0.1.1\" \/>\n\t\t<meta property=\"og:locale\" content=\"es_ES\" \/>\n\t\t<meta property=\"og:site_name\" content=\"Blog Eurepika | Informaci\u00f3n de inter\u00e9s sobre el mundo de las comunicaciones.\" \/>\n\t\t<meta property=\"og:type\" content=\"article\" \/>\n\t\t<meta property=\"og:title\" content=\"La #Macrisis lleg\u00f3 a #MercadoLibre. #MercadoPago con redimientos negativos para sus usuarios | Blog Eurepika\" \/>\n\t\t<meta property=\"og:url\" content=\"https:\/\/eurepika.com\/blog\/la-macrisis-llego-a-mercadolibre-mercadopago-con-redimientos-negativos-para-sus-usuarios\/\" \/>\n\t\t<meta property=\"article:published_time\" content=\"2019-08-14T13:08:55+00:00\" \/>\n\t\t<meta property=\"article:modified_time\" content=\"2019-08-14T13:08:56+00:00\" \/>\n\t\t<meta name=\"twitter:card\" content=\"summary\" \/>\n\t\t<meta name=\"twitter:title\" content=\"La #Macrisis lleg\u00f3 a #MercadoLibre. #MercadoPago con redimientos negativos para sus usuarios | Blog Eurepika\" \/>\n\t\t<!-- All in One SEO -->\n\n","aioseo_head_json":{"title":"La #Macrisis lleg\u00f3 a #MercadoLibre. #MercadoPago con redimientos negativos para sus usuarios | Blog Eurepika","description":"","canonical_url":"https:\/\/eurepika.com\/blog\/la-macrisis-llego-a-mercadolibre-mercadopago-con-redimientos-negativos-para-sus-usuarios\/","robots":"max-image-preview:large","keywords":"billetera virtual,crisis.,galperin,macrisis,mercado libre,mercado pago,unicornio digital","webmasterTools":{"miscellaneous":""},"schema":null,"og:locale":"es_ES","og:site_name":"Blog Eurepika | Informaci\u00f3n de inter\u00e9s sobre el mundo de las comunicaciones.","og:type":"article","og:title":"La #Macrisis lleg\u00f3 a #MercadoLibre. #MercadoPago con redimientos negativos para sus usuarios | Blog Eurepika","og:url":"https:\/\/eurepika.com\/blog\/la-macrisis-llego-a-mercadolibre-mercadopago-con-redimientos-negativos-para-sus-usuarios\/","article:published_time":"2019-08-14T13:08:55+00:00","article:modified_time":"2019-08-14T13:08:56+00:00","twitter:card":"summary","twitter:title":"La #Macrisis lleg\u00f3 a #MercadoLibre. #MercadoPago con redimientos negativos para sus usuarios | Blog Eurepika"},"aioseo_meta_data":{"post_id":"190","title":"La #Macrisis lleg\u00f3 a #MercadoLibre. #MercadoPago con redimientos negativos para sus usuarios | #site_title","description":null,"keywords":null,"keyphrases":null,"primary_term":null,"canonical_url":null,"og_title":null,"og_description":null,"og_object_type":"default","og_image_type":"default","og_image_url":null,"og_image_width":null,"og_image_height":null,"og_image_custom_url":null,"og_image_custom_fields":null,"og_video":null,"og_custom_url":null,"og_article_section":null,"og_article_tags":null,"twitter_use_og":false,"twitter_card":"default","twitter_image_type":"default","twitter_image_url":null,"twitter_image_custom_url":null,"twitter_image_custom_fields":null,"twitter_title":null,"twitter_description":null,"schema":{"blockGraphs":[],"customGraphs":[],"default":{"data":{"Article":[],"Course":[],"Dataset":[],"FAQPage":[],"Movie":[],"Person":[],"Product":[],"ProductReview":[],"Car":[],"Recipe":[],"Service":[],"SoftwareApplication":[],"WebPage":[]},"graphName":"Article","isEnabled":true},"graphs":[]},"schema_type":"default","schema_type_options":null,"pillar_content":false,"robots_default":true,"robots_noindex":false,"robots_noarchive":false,"robots_nosnippet":false,"robots_nofollow":false,"robots_noimageindex":false,"robots_noodp":false,"robots_notranslate":false,"robots_max_snippet":null,"robots_max_videopreview":null,"robots_max_imagepreview":"large","priority":null,"frequency":null,"local_seo":null,"breadcrumb_settings":null,"limit_modified_date":false,"ai":null,"created":"2021-12-22 14:52:19","updated":"2023-08-29 14:05:46","seo_analyzer_scan_date":null,"focus_keyword":null,"additional_keywords":null,"truseo_locale":null},"aioseo_breadcrumb":"<div class=\"aioseo-breadcrumbs\"><span class=\"aioseo-breadcrumb\">\n\t\t\t<a href=\"https:\/\/eurepika.com\/blog\" title=\"Home\">Home<\/a>\n\t\t<\/span><span class=\"aioseo-breadcrumb-separator\">&raquo;<\/span><span class=\"aioseo-breadcrumb\">\n\t\t\t<a href=\"https:\/\/eurepika.com\/blog\/category\/noticias\/\" title=\"Noticias\">Noticias<\/a>\n\t\t<\/span><span class=\"aioseo-breadcrumb-separator\">&raquo;<\/span><span class=\"aioseo-breadcrumb\">\n\t\t\tLa #Macrisis lleg\u00f3 a #MercadoLibre. #MercadoPago con redimientos negativos para sus usuarios.\n\t\t<\/span><\/div>","aioseo_breadcrumb_json":[{"label":"Home","link":"https:\/\/eurepika.com\/blog"},{"label":"Noticias","link":"https:\/\/eurepika.com\/blog\/category\/noticias\/"},{"label":"La #Macrisis lleg\u00f3 a #MercadoLibre. #MercadoPago con redimientos negativos para sus usuarios.","link":"https:\/\/eurepika.com\/blog\/la-macrisis-llego-a-mercadolibre-mercadopago-con-redimientos-negativos-para-sus-usuarios\/"}],"_links":{"self":[{"href":"https:\/\/eurepika.com\/blog\/wp-json\/wp\/v2\/posts\/190","targetHints":{"allow":["GET"]}}],"collection":[{"href":"https:\/\/eurepika.com\/blog\/wp-json\/wp\/v2\/posts"}],"about":[{"href":"https:\/\/eurepika.com\/blog\/wp-json\/wp\/v2\/types\/post"}],"author":[{"embeddable":true,"href":"https:\/\/eurepika.com\/blog\/wp-json\/wp\/v2\/users\/1"}],"replies":[{"embeddable":true,"href":"https:\/\/eurepika.com\/blog\/wp-json\/wp\/v2\/comments?post=190"}],"version-history":[{"count":1,"href":"https:\/\/eurepika.com\/blog\/wp-json\/wp\/v2\/posts\/190\/revisions"}],"predecessor-version":[{"id":193,"href":"https:\/\/eurepika.com\/blog\/wp-json\/wp\/v2\/posts\/190\/revisions\/193"}],"wp:featuredmedia":[{"embeddable":true,"href":"https:\/\/eurepika.com\/blog\/wp-json\/wp\/v2\/media\/192"}],"wp:attachment":[{"href":"https:\/\/eurepika.com\/blog\/wp-json\/wp\/v2\/media?parent=190"}],"wp:term":[{"taxonomy":"category","embeddable":true,"href":"https:\/\/eurepika.com\/blog\/wp-json\/wp\/v2\/categories?post=190"},{"taxonomy":"post_tag","embeddable":true,"href":"https:\/\/eurepika.com\/blog\/wp-json\/wp\/v2\/tags?post=190"}],"curies":[{"name":"wp","href":"https:\/\/api.w.org\/{rel}","templated":true}]}}