{"id":230,"date":"2020-04-18T16:18:58","date_gmt":"2020-04-18T19:18:58","guid":{"rendered":"https:\/\/eurepika.com\/blog\/?p=230"},"modified":"2020-04-18T16:18:59","modified_gmt":"2020-04-18T19:18:59","slug":"la-nueva-reaccion-de-facebook-ante-el-coronavirus-covid-19-meimporta","status":"publish","type":"post","link":"https:\/\/eurepika.com\/blog\/la-nueva-reaccion-de-facebook-ante-el-coronavirus-covid-19-meimporta\/","title":{"rendered":"La nueva reacci\u00f3n de #Facebook ante el #Coronavirus #Covid-19: #MeImporta"},"content":{"rendered":"\n<p>Lo anunci\u00f3 Mark Zuckerberg, Facebook a\u00f1adir\u00e1 la reacci\u00f3n \u201cMe importa\u201d. Ser\u00e1 una carita de emoji abrazando un coraz\u00f3n. La misma se sumar\u00e1 a las reacciones que ya pueden utilizar los usuarios. En 2015 llegaron las nuevas opciones y el \u201cMe gusta\u201d dej\u00f3 de ser la \u00fanica opci\u00f3n.<\/p>\n\n\n\n<p>\u201cEstamos lanzando la nueva reacci\u00f3n de \u2018me importa\u2019 en Facebook y Messenger como una forma de permitir que la gente comparta su apoyo entre s\u00ed durante este tiempo sin precedentes\u201d, dijo en Twitter Alexandru Voica, Gerente de comunicaciones t\u00e9cnicas de Facebook. Agreg\u00f3: \u201cEsperamos que estas reacciones den a los usuarios formas adicionales de mostrar su apoyo durante la crisis del #COVID19\u201d.<\/p>\n\n\n\n<figure class=\"wp-block-image size-large\"><img loading=\"lazy\" decoding=\"async\" width=\"1024\" height=\"573\" src=\"https:\/\/eurepika.com\/blog\/wp-content\/uploads\/2020\/04\/meimporta002-1024x573.jpg\" alt=\"\" class=\"wp-image-232\" srcset=\"https:\/\/eurepika.com\/blog\/wp-content\/uploads\/2020\/04\/meimporta002-1024x573.jpg 1024w, https:\/\/eurepika.com\/blog\/wp-content\/uploads\/2020\/04\/meimporta002-300x168.jpg 300w, https:\/\/eurepika.com\/blog\/wp-content\/uploads\/2020\/04\/meimporta002-768x430.jpg 768w, https:\/\/eurepika.com\/blog\/wp-content\/uploads\/2020\/04\/meimporta002.jpg 1366w\" sizes=\"auto, (max-width: 1024px) 100vw, 1024px\" \/><\/figure>\n\n\n\n<p>La nueva reacci\u00f3n aparecer\u00e1 paulatinamente en Facebook. La cuarta semana de abril empezar\u00e1 a estar disponible en las aplicaciones m\u00f3viles, y en Messenger ya es visible en algunos pa\u00edses.<\/p>\n","protected":false},"excerpt":{"rendered":"<p>Lo anunci\u00f3 Mark Zuckerberg, Facebook a\u00f1adir\u00e1 la reacci\u00f3n \u201cMe importa\u201d. Ser\u00e1 carita de emoji abrazando un coraz\u00f3n. La misma se sumar\u00e1 a las reacciones que ya pueden utilizar los usuarios. <\/p>\n","protected":false},"author":1,"featured_media":231,"comment_status":"open","ping_status":"open","sticky":false,"template":"","format":"standard","meta":{"footnotes":""},"categories":[3],"tags":[49,50,23,47,48],"class_list":["post-230","post","type-post","status-publish","format-standard","has-post-thumbnail","hentry","category-noticias","tag-coronavirus","tag-covid-19","tag-facebook","tag-meimporta","tag-reacciones"],"aioseo_notices":[],"_links":{"self":[{"href":"https:\/\/eurepika.com\/blog\/wp-json\/wp\/v2\/posts\/230","targetHints":{"allow":["GET"]}}],"collection":[{"href":"https:\/\/eurepika.com\/blog\/wp-json\/wp\/v2\/posts"}],"about":[{"href":"https:\/\/eurepika.com\/blog\/wp-json\/wp\/v2\/types\/post"}],"author":[{"embeddable":true,"href":"https:\/\/eurepika.com\/blog\/wp-json\/wp\/v2\/users\/1"}],"replies":[{"embeddable":true,"href":"https:\/\/eurepika.com\/blog\/wp-json\/wp\/v2\/comments?post=230"}],"version-history":[{"count":1,"href":"https:\/\/eurepika.com\/blog\/wp-json\/wp\/v2\/posts\/230\/revisions"}],"predecessor-version":[{"id":233,"href":"https:\/\/eurepika.com\/blog\/wp-json\/wp\/v2\/posts\/230\/revisions\/233"}],"wp:featuredmedia":[{"embeddable":true,"href":"https:\/\/eurepika.com\/blog\/wp-json\/wp\/v2\/media\/231"}],"wp:attachment":[{"href":"https:\/\/eurepika.com\/blog\/wp-json\/wp\/v2\/media?parent=230"}],"wp:term":[{"taxonomy":"category","embeddable":true,"href":"https:\/\/eurepika.com\/blog\/wp-json\/wp\/v2\/categories?post=230"},{"taxonomy":"post_tag","embeddable":true,"href":"https:\/\/eurepika.com\/blog\/wp-json\/wp\/v2\/tags?post=230"}],"curies":[{"name":"wp","href":"https:\/\/api.w.org\/{rel}","templated":true}]}}